{"id":893,"global_id":"thetagyor.hu?id=893","global_id_lineage":["thetagyor.hu?id=893"],"author":"2","status":"publish","date":"2024-11-20 10:14:40","date_utc":"2024-11-20 10:14:40","modified":"2024-11-20 10:14:40","modified_utc":"2024-11-20 10:14:40","url":"https:\/\/thetagyor.hu\/index.php\/event\/evindito-teremto-est-2\/","rest_url":"https:\/\/thetagyor.hu\/index.php\/wp-json\/tribe\/events\/v1\/events\/893","title":"\u00c9vind\u00edt\u00f3 teremt\u0151 est","description":"","excerpt":"","slug":"evindito-teremto-est-2","image":false,"all_day":false,"start_date":"2025-01-03 20:00:00","start_date_details":{"year":"2025","month":"01","day":"03","hour":"20","minutes":"00","seconds":"00"},"end_date":"2025-01-03 21:00:00","end_date_details":{"year":"2025","month":"01","day":"03","hour":"21","minutes":"00","seconds":"00"},"utc_start_date":"2025-01-03 20:00:00","utc_start_date_details":{"year":"2025","month":"01","day":"03","hour":"20","minutes":"00","seconds":"00"},"utc_end_date":"2025-01-03 21:00:00","utc_end_date_details":{"year":"2025","month":"01","day":"03","hour":"21","minutes":"00","seconds":"00"},"timezone":"UTC+0","timezone_abbr":"UTC+0","cost":"","cost_details":{"currency_symbol":"","currency_position":"prefix","values":[]},"website":"","show_map":true,"show_map_link":true,"hide_from_listings":false,"sticky":false,"featured":false,"categories":[],"tags":[],"venue":{"id":790,"author":"2","status":"publish","date":"2023-06-13 08:58:35","date_utc":"2023-06-13 08:58:35","modified":"2023-06-13 08:58:35","modified_utc":"2023-06-13 08:58:35","url":"https:\/\/thetagyor.hu\/index.php\/helyszin\/gyor-brassoi-u-12\/","venue":"Gy\u0151r Brass\u00f3i u 12.","slug":"gyor-brassoi-u-12","country":"Magyarorsz\u00e1g","json_ld":{"@type":"Place","name":"Gy\u0151r Brass\u00f3i u 12.","description":"","url":false,"address":{"@type":"PostalAddress","addressCountry":"Magyarorsz\u00e1g"},"telephone":"","sameAs":""},"show_map":true,"show_map_link":true,"global_id":"thetagyor.hu?id=790","global_id_lineage":["thetagyor.hu?id=790"]},"organizer":[{"id":63,"author":"1","status":"publish","date":"2016-08-14 16:56:34","date_utc":"2016-08-14 16:56:34","modified":"2016-08-14 16:56:34","modified_utc":"2016-08-14 16:56:34","url":"https:\/\/thetagyor.hu\/index.php\/szervezo\/albecker-nikolett\/","organizer":"Albecker Nikolett","slug":"albecker-nikolett","phone":"(30) 206 6582","json_ld":{"@type":"Person","name":"Albecker Nikolett","description":"","url":false,"telephone":"(30) 206 6582","email":"","sameAs":""},"global_id":"thetagyor.hu?id=63","global_id_lineage":["thetagyor.hu?id=63"]}],"json_ld":{"@context":"http:\/\/schema.org","@type":"Event","name":"\u00c9vind\u00edt\u00f3 teremt\u0151 est","description":"","url":"https:\/\/thetagyor.hu\/index.php\/event\/evindito-teremto-est-2\/","startDate":"2025-01-03T20:00:00+00:00","endDate":"2025-01-03T21:00:00+00:00","location":{"@type":"Place","name":"Gy\u0151r Brass\u00f3i u 12.","description":"","url":false,"address":{"@type":"PostalAddress","addressCountry":"Magyarorsz\u00e1g"},"telephone":"","sameAs":""},"organizer":{"@type":"Person","name":"Albecker Nikolett","description":"","url":false,"telephone":"(30) 206 6582","email":"","sameAs":""}}}