{"id":659,"global_id":"thetagyor.hu?id=659","global_id_lineage":["thetagyor.hu?id=659"],"author":"2","status":"publish","date":"2019-10-29 09:50:12","date_utc":"2019-10-29 09:50:12","modified":"2019-10-29 10:01:09","modified_utc":"2019-10-29 10:01:09","url":"https:\/\/thetagyor.hu\/index.php\/event\/theta-healing-halado-tanfolyam\/","rest_url":"https:\/\/thetagyor.hu\/index.php\/wp-json\/tribe\/events\/v1\/events\/659","title":"Theta Healing HALAD\u00d3 tanfolyam","description":"<p><img class=\"alignnone size-medium wp-image-660\" src=\"http:\/\/thetagyor.hu\/wp-content\/uploads\/2019\/10\/IMG_3516-300x169.png\" alt=\"\" width=\"300\" height=\"169\" srcset=\"https:\/\/thetagyor.hu\/wp-content\/uploads\/2019\/10\/IMG_3516-300x169.png 300w, https:\/\/thetagyor.hu\/wp-content\/uploads\/2019\/10\/IMG_3516-768x432.png 768w, https:\/\/thetagyor.hu\/wp-content\/uploads\/2019\/10\/IMG_3516-1024x576.png 1024w\" sizes=\"(max-width: 300px) 100vw, 300px\" \/><\/p>\n<p>Tarts velem, a halad\u00f3 Theta Healing tanfolyamon, ahol lehet\u0151s\u00e9ged ny\u00edlik, az alap folyamon megszerzett tud\u00e1sod elm\u00e9ly\u00edt\u00e9s\u00e9re, b\u0151v\u00edt\u00e9s\u00e9re. Tov\u00e1bb fejlesztheted a tudatoss\u00e1godat, intuit\u00edv k\u00e9pess\u00e9geid haszn\u00e1lat\u00e1t, \u00f6nismeretedet.<br \/>\nA tanfolyam sor\u00e1n 1000 is t\u00f6bb t\u00e1mogat\u00f3 programot, \u00e9rz\u00e9st t\u00f6lt\u00fcnk le, tan\u00edtunk meg a tudatalattinak, melyek m\u00e1r mag\u00e1ban jelent\u0151s pozit\u00edv v\u00e1ltoz\u00e1st hoznak.<br \/>\nEzzel a kiterjesztett k\u00e9pz\u00e9ssel, a m\u00e9lyebb tud\u00e1s birtok\u00e1ban, csod\u00e1latos \u00e9lm\u00e9nyekben lesz r\u00e9szed, \u00e9s m\u00e9g k\u00f6nnyebben \u00e9s hat\u00e9konyabban teremtheted meg az egyens\u00falyt, harm\u00f3ni\u00e1t, saj\u00e1t, vagy m\u00e1sok \u00e9let\u00e9ben.<\/p>\n<p>Id\u0151tartam: 3 nap<br \/>\nEl\u0151k\u00e9pzetts\u00e9g sz\u00fcks\u00e9ges: Theta Healing \u00ae Alap (DNA1) Tanfolyam<\/p>\n<p>A tanfolyam menete:<br \/>\np\u00e9ntek: 09:00 &#8211; 16:00 -ig<br \/>\nszombat: 09:00 &#8211; 16:00-ig<br \/>\nvas\u00e1rnap: 09:00 &#8211; 16:00 -ig<\/p>\n<p>Helysz\u00edn: 9022 Gy\u0151r, Bajcsy-Zsilinszky u. 53-55.<\/p>\n<p>A tanfolyam d\u00edja: 120&#8217;000 Ft.-<\/p>\n<p>Jelentkezni \u00e9s \u00e9rdekl\u0151dni telefonon,<br \/>\nvagy e-mailben lehets\u00e9ges.<\/p>\n<p>\u25ba Albecker Nikolett ThetaHealing \u00ae mester tan\u00e1r \u00e9s konzulens<br \/>\n\u25ba +36 30 206 6582<br \/>\n\u25ba Gy\u0151r, Bajcsy-Zsilinszky \u00fat 53-55.<br \/>\n\u25ba info@thetagyor.hu<br \/>\n\u25ba <a href=\"http:\/\/www.thetagyor.hu\/?fbclid=IwAR0TYq6f1mZRkgRogDb39O7ODvAkkTCo-xyeNpdpT-32qZp_biKW7krkBIA\" target=\"_blank\" rel=\"nofollow noopener\" data-lynx-mode=\"hover\" data-lynx-uri=\"https:\/\/l.facebook.com\/l.php?u=http%3A%2F%2Fwww.thetagyor.hu%2F%3Ffbclid%3DIwAR0TYq6f1mZRkgRogDb39O7ODvAkkTCo-xyeNpdpT-32qZp_biKW7krkBIA&amp;h=AT0L-hGeSV9nh95yBi_ZDLjv_EYu6PwPVMBTCalfEuKJQXbsZ_ypOkVS-LVrlCmrBSgFwC1MeRQgyuE4sORvwaaCmd86AsLKrE4SjKhTpGRpQ90WoNBCOMKVSg4Q4wdcaMDN\">www.thetagyor.hu<\/a><\/p>","excerpt":"","slug":"theta-healing-halado-tanfolyam","image":false,"all_day":false,"start_date":"2020-01-10 08:00:00","start_date_details":{"year":"2020","month":"01","day":"10","hour":"08","minutes":"00","seconds":"00"},"end_date":"2020-01-12 17:00:00","end_date_details":{"year":"2020","month":"01","day":"12","hour":"17","minutes":"00","seconds":"00"},"utc_start_date":"2020-01-10 08:00:00","utc_start_date_details":{"year":"2020","month":"01","day":"10","hour":"08","minutes":"00","seconds":"00"},"utc_end_date":"2020-01-12 17:00:00","utc_end_date_details":{"year":"2020","month":"01","day":"12","hour":"17","minutes":"00","seconds":"00"},"timezone":"UTC+0","timezone_abbr":"UTC+0","cost":"","cost_details":{"currency_symbol":"","currency_position":"prefix","values":[]},"website":"","show_map":true,"show_map_link":true,"hide_from_listings":false,"sticky":false,"featured":false,"categories":[],"tags":[],"venue":{"id":317,"author":"2","status":"publish","date":"2017-09-16 16:52:03","date_utc":"2017-09-16 16:52:03","modified":"2017-09-16 16:52:03","modified_utc":"2017-09-16 16:52:03","url":"https:\/\/thetagyor.hu\/index.php\/helyszin\/gyor-bajcsy-zsilinszky-u-53-55\/","venue":"Gy\u0151r, Bajcsy-Zsilinszky u. 53-55.","slug":"gyor-bajcsy-zsilinszky-u-53-55","json_ld":{"@type":"Place","name":"Gy\u0151r, Bajcsy-Zsilinszky u. 53-55.","description":"","url":false,"address":{"@type":"PostalAddress"},"telephone":"","sameAs":""},"show_map":true,"show_map_link":true,"global_id":"thetagyor.hu?id=317","global_id_lineage":["thetagyor.hu?id=317"]},"organizer":[{"id":63,"author":"1","status":"publish","date":"2016-08-14 16:56:34","date_utc":"2016-08-14 16:56:34","modified":"2016-08-14 16:56:34","modified_utc":"2016-08-14 16:56:34","url":"https:\/\/thetagyor.hu\/index.php\/szervezo\/albecker-nikolett\/","organizer":"Albecker Nikolett","slug":"albecker-nikolett","phone":"(30) 206 6582","json_ld":{"@type":"Person","name":"Albecker Nikolett","description":"","url":false,"telephone":"(30) 206 6582","email":"","sameAs":""},"global_id":"thetagyor.hu?id=63","global_id_lineage":["thetagyor.hu?id=63"]}],"json_ld":{"@context":"http:\/\/schema.org","@type":"Event","name":"Theta Healing HALAD\u00d3 tanfolyam","description":"&lt;p&gt;Tarts velem, a halad\u00f3 Theta Healing tanfolyamon, ahol lehet\u0151s\u00e9ged ny\u00edlik, az alap folyamon megszerzett tud\u00e1sod elm\u00e9ly\u00edt\u00e9s\u00e9re, b\u0151v\u00edt\u00e9s\u00e9re. Tov\u00e1bb fejlesztheted a tudatoss\u00e1godat, intuit\u00edv k\u00e9pess\u00e9geid haszn\u00e1lat\u00e1t, \u00f6nismeretedet. A tanfolyam sor\u00e1n 1000 is t\u00f6bb t\u00e1mogat\u00f3 programot, \u00e9rz\u00e9st t\u00f6lt\u00fcnk le, tan\u00edtunk meg a tudatalattinak, melyek m\u00e1r mag\u00e1ban jelent\u0151s pozit\u00edv v\u00e1ltoz\u00e1st hoznak. Ezzel a kiterjesztett k\u00e9pz\u00e9ssel, a m\u00e9lyebb tud\u00e1s birtok\u00e1ban, [&hellip;]&lt;\/p&gt;\\n","url":"https:\/\/thetagyor.hu\/index.php\/event\/theta-healing-halado-tanfolyam\/","startDate":"2020-01-10T08:00:00+00:00","endDate":"2020-01-12T17:00:00+00:00","location":{"@type":"Place","name":"Gy\u0151r, Bajcsy-Zsilinszky u. 53-55.","description":"","url":false,"address":{"@type":"PostalAddress"},"telephone":"","sameAs":""},"organizer":{"@type":"Person","name":"Albecker Nikolett","description":"","url":false,"telephone":"(30) 206 6582","email":"","sameAs":""}}}