{"id":590,"global_id":"thetagyor.hu?id=590","global_id_lineage":["thetagyor.hu?id=590"],"author":"2","status":"publish","date":"2018-10-24 10:24:53","date_utc":"2018-10-24 10:24:53","modified":"2018-10-24 11:30:03","modified_utc":"2018-10-24 11:30:03","url":"https:\/\/thetagyor.hu\/index.php\/event\/thetahealing-nyilt-est-albecker-nikolettel\/","rest_url":"https:\/\/thetagyor.hu\/index.php\/wp-json\/tribe\/events\/v1\/events\/590","title":"ThetaHealing \u00ae Ny\u00edlt Est &#8211; Albecker Nikolettel","description":"<p><img class=\"alignnone size-medium wp-image-449\" src=\"http:\/\/thetagyor.hu\/wp-content\/uploads\/2017\/11\/ny\u00edlt-est-300x141.jpg\" alt=\"\" width=\"300\" height=\"141\" srcset=\"https:\/\/thetagyor.hu\/wp-content\/uploads\/2017\/11\/ny\u00edlt-est-300x141.jpg 300w, https:\/\/thetagyor.hu\/wp-content\/uploads\/2017\/11\/ny\u00edlt-est-768x361.jpg 768w, https:\/\/thetagyor.hu\/wp-content\/uploads\/2017\/11\/ny\u00edlt-est.jpg 954w\" sizes=\"(max-width: 300px) 100vw, 300px\" \/><\/p>\n<p>A Theta Healing\u00ae egy testi, lelki, szellemi gy\u00f3gyul\u00e1st hoz\u00f3 kiv\u00e9teles energiagy\u00f3gy\u00e1szati m\u00f3dszer mely seg\u00edt feloldani r\u00e9gi mint\u00e1inkat, f\u00e9lelmeinket, levetni a minket korl\u00e1toz\u00f3 hitrendszereket, \u00e9s ezeket pozit\u00edv, t\u00e1mogat\u00f3 mint\u00e1kra cser\u00e9lni. Ez\u00e1ltal k\u00f6nnyebben felismerhetj\u00fck, \u00e9s el\u00e9rhetj\u00fck c\u00e9ljainkat, v\u00e1gyainkat. Seg\u00edt minket, hogy megtal\u00e1ljuk a k\u00f6z\u00e9ppontunkat, kihozzuk az \u00e9let\u00fcnkb\u0151l, \u00f6nmagunkb\u00f3l a legt\u00f6bbet.<\/p>\n<p>Az el\u0151ad\u00e1son, \u00e9s a medit\u00e1ci\u00f3n megismerkedhetsz a Theta Healing\u00ae m\u00f3dszerrel, mely ezrek \u00e9let\u00e9t v\u00e1ltoztatta meg, akik ma boldogabbak \u00e9s teljesebb \u00e9letet \u00e9lnek.<\/p>\n<p>Id\u0151pont: 2019. 01. 04. p\u00e9netk 17:00-18:30 \u00f3r\u00e1ig<br \/>\n\u00c9rkez\u00e9s 16:45-t\u0151l<\/p>\n<p>El\u0151ad\u00f3: Albecker Nikolett<br \/>\nMaster of Theta Healing\u00ae (mestertan\u00e1r \u00e9s konzulens)<\/p>\n<p>Helysz\u00edn: Gy\u0151r, Bajcsy-Zsilinszky u. 53-55. II.em 3. ajt\u00f3 (ThetaGy\u0151r)<\/p>\n<p>Az esem\u00e9ny ingyenes, de a helyek korl\u00e1tozott sz\u00e1ma miatt jelentkez\u00e9shez, regisztr\u00e1ci\u00f3hoz k\u00f6t\u00f6tt.<br \/>\nAz esem\u00e9nyre jelentkezni, regisztr\u00e1lni email c\u00edm, \u00e9s telefonsz\u00e1m megad\u00e1s\u00e1val, az al\u00e1bbi el\u00e9rhet\u0151s\u00e9geken lehets\u00e9ges:<\/p>\n<p>\u25ba Albecker Nikolett ThetaHealing \u00ae mester tan\u00e1r \u00e9s konzulens<br \/>\n\u25ba +36 30 206 6582<br \/>\n\u25ba Gy\u0151r, Bajcsy-Zsilinszky \u00fat 53.<br \/>\n\u25ba info@thetagyor.hu<br \/>\n\u25ba\u00a0<a href=\"https:\/\/l.facebook.com\/l.php?u=http%3A%2F%2Fwww.thetagyor.hu%2F%3Ffbclid%3DIwAR0QfFwDqMHJeEQ7Ko39U9wBFeCkgTB2V2JJV8pvmrYWTgst_D_Nr6Zfft4&amp;h=AT2dQVwYhHA-qsezbPlOc3VYIi_GH_B0a_Kt1Ai_IKSgij-_dTukIYTZ1mfktEJrsfEQMG5qS6x0s1T30-laGgjafOvyBSfsOxi0h5duoQ8DHdUvzY09_-hQLsjhc1ZC55cr\" target=\"_blank\" rel=\"nofollow noopener\" data-lynx-mode=\"hover\">www.thetagyor.hu<\/a><\/p>\n<p>V\u00e1rlak szeretettel \u2665<\/p>\n<p>Az esem\u00e9ny megoszt\u00e1s\u00e1t K\u00f6sz\u00f6n\u00f6m!<\/p>","excerpt":"","slug":"thetahealing-nyilt-est-albecker-nikolettel","image":false,"all_day":false,"start_date":"2019-01-04 17:00:00","start_date_details":{"year":"2019","month":"01","day":"04","hour":"17","minutes":"00","seconds":"00"},"end_date":"2019-01-04 18:30:00","end_date_details":{"year":"2019","month":"01","day":"04","hour":"18","minutes":"30","seconds":"00"},"utc_start_date":"2019-01-04 17:00:00","utc_start_date_details":{"year":"2019","month":"01","day":"04","hour":"17","minutes":"00","seconds":"00"},"utc_end_date":"2019-01-04 18:30:00","utc_end_date_details":{"year":"2019","month":"01","day":"04","hour":"18","minutes":"30","seconds":"00"},"timezone":"UTC+0","timezone_abbr":"UTC+0","cost":"","cost_details":{"currency_symbol":"","currency_position":"prefix","values":[]},"website":"","show_map":true,"show_map_link":true,"hide_from_listings":false,"sticky":false,"featured":false,"categories":[],"tags":[],"venue":{"id":317,"author":"2","status":"publish","date":"2017-09-16 16:52:03","date_utc":"2017-09-16 16:52:03","modified":"2017-09-16 16:52:03","modified_utc":"2017-09-16 16:52:03","url":"https:\/\/thetagyor.hu\/index.php\/helyszin\/gyor-bajcsy-zsilinszky-u-53-55\/","venue":"Gy\u0151r, Bajcsy-Zsilinszky u. 53-55.","slug":"gyor-bajcsy-zsilinszky-u-53-55","json_ld":{"@type":"Place","name":"Gy\u0151r, Bajcsy-Zsilinszky u. 53-55.","description":"","url":false,"address":{"@type":"PostalAddress"},"telephone":"","sameAs":""},"show_map":true,"show_map_link":true,"global_id":"thetagyor.hu?id=317","global_id_lineage":["thetagyor.hu?id=317"]},"organizer":[],"json_ld":{"@context":"http:\/\/schema.org","@type":"Event","name":"ThetaHealing \u00ae Ny\u00edlt Est &#8211; Albecker Nikolettel","description":"&lt;p&gt;A Theta Healing\u00ae egy testi, lelki, szellemi gy\u00f3gyul\u00e1st hoz\u00f3 kiv\u00e9teles energiagy\u00f3gy\u00e1szati m\u00f3dszer mely seg\u00edt feloldani r\u00e9gi mint\u00e1inkat, f\u00e9lelmeinket, levetni a minket korl\u00e1toz\u00f3 hitrendszereket, \u00e9s ezeket pozit\u00edv, t\u00e1mogat\u00f3 mint\u00e1kra cser\u00e9lni. Ez\u00e1ltal k\u00f6nnyebben felismerhetj\u00fck, \u00e9s el\u00e9rhetj\u00fck c\u00e9ljainkat, v\u00e1gyainkat. Seg\u00edt minket, hogy megtal\u00e1ljuk a k\u00f6z\u00e9ppontunkat, kihozzuk az \u00e9let\u00fcnkb\u0151l, \u00f6nmagunkb\u00f3l a legt\u00f6bbet. Az el\u0151ad\u00e1son, \u00e9s a medit\u00e1ci\u00f3n megismerkedhetsz a [&hellip;]&lt;\/p&gt;\\n","url":"https:\/\/thetagyor.hu\/index.php\/event\/thetahealing-nyilt-est-albecker-nikolettel\/","startDate":"2019-01-04T17:00:00+00:00","endDate":"2019-01-04T18:30:00+00:00","location":{"@type":"Place","name":"Gy\u0151r, Bajcsy-Zsilinszky u. 53-55.","description":"","url":false,"address":{"@type":"PostalAddress"},"telephone":"","sameAs":""}}}